{"id":1182,"date":"2017-07-08T21:13:18","date_gmt":"2017-07-08T21:13:18","guid":{"rendered":"http:\/\/www.farmaceuti.com\/portal\/?p=1182"},"modified":"2017-07-08T21:18:13","modified_gmt":"2017-07-08T21:18:13","slug":"privatni-partner-ili-likvidacija-apoteke-novi-sad","status":"publish","type":"post","link":"https:\/\/www.farmaceuti.com\/portal\/apoteke\/privatni-partner-ili-likvidacija-apoteke-novi-sad\/","title":{"rendered":"&#8220;Apoteka Novi Sad&#8221; &#8211; Privatni partner ili likvidacija"},"content":{"rendered":"<div id=\"fcbk_share\"><div class=\"fcbk_like\">\r\n\t\t\t\t\t\t\t\t\t\t\r\n\t\t\t\t\t\t\t\t\t\t<div id=\"fb-root\"><\/div>\r\n<script>(function(d, s, id) {\r\n  var js, fjs = d.getElementsByTagName(s)[0];\r\n  if (d.getElementById(id)) return;\r\n  js = d.createElement(s); js.id = id;\r\n  js.src = \"\/\/connect.facebook.net\/en_US\/sdk.js#xfbml=1&version=v2.5&appId=https:\/\/www.facebook.com\/farmaceuti\";\r\n  fjs.parentNode.insertBefore(js, fjs);\r\n}(document, \"script\", \"facebook-jssdk\"));<\/script>\r\n<div class=\"fb-like\" data-href=\"https:\/\/www.farmaceuti.com\/portal\/apoteke\/privatni-partner-ili-likvidacija-apoteke-novi-sad\/\" data-layout=\"button_count\" data-action=\"like\" data-show-faces=\"true\" data-share=\"false\"><\/div>\t\t\t\t\t\r\n\t\t\t\t\t\t\t\t\t<\/div><div class=\"fcbk_button\">\r\n\t\t\t\t\t\t\t<a href=\"https:\/\/twitter.com\/share\" class=\"twitter-share-button\" data-url=\"https:\/\/www.farmaceuti.com\/portal\/apoteke\/privatni-partner-ili-likvidacija-apoteke-novi-sad\/\" data-text=\"\" data-via=\"@farmaceuti\" data-size=\"\" data-count=\"\"><\/a>\r\n\t\t\t\t\t\t\t<script>!function(d,s,id){var js,fjs=d.getElementsByTagName(s)[0];if(!d.getElementById(id)){js=d.createElement(s);js.id=id;js.src=\"\/\/platform.twitter.com\/widgets.js\";fjs.parentNode.insertBefore(js,fjs);}}(document,\"script\",\"twitter-wjs\");<\/script>\r\n\t\t\t\t\t\t\t\t\t<\/div><div class=\"fcbk_button linkedin\">\r\n\t\t\t\t\t\t\t<script src=\"\/\/platform.linkedin.com\/in.js\" type=\"text\/javascript\"><\/script>\r\n<script type=\"IN\/Share\" data-url=\"https:\/\/www.farmaceuti.com\/portal\/apoteke\/privatni-partner-ili-likvidacija-apoteke-novi-sad\/\" data-counter=\"\"><\/script>\r\n\t\t\t\t\t\t\t\t\t<\/div><\/div><p>N. SUBOTI\u0106 | <\/p>\n<p>Gradona\u010delnik najavio izgledno re\u0161enje za budu\u0107i status &#8220;Apoteke Novi Sad&#8221;. Realno re\u0161enje javno partnerstvo. Farmaceuti zadovoljni<\/p>\n<p>NAGOMILANIM problemima u &#8220;Apoteci Novi Sad&#8221;, dr\u017eavnoj farmaceutskoj ustanovi, ipak se nazire kraj. Gradona\u010delnik Milo\u0161 Vu\u010devi\u0107 najavio je da je posle nekoliko stru\u010dnih sastanaka do\u0161lo do spasonosnog ishoda, a to je<strong> javno privatno partnerstvo<\/strong>, kojim bi apotekari dobili zadovoljavaju\u0107eg partnera da prevazi\u0111u sve nevolje i nastave zajedno da unapre\u0111uju poslovanje.<\/p>\n<p>&#8220;Apoteka Novi Sad&#8221; se, kako je naveo gradona\u010delnik, kao i mnogobrojne dr\u017eavne apotekarske ustanove u zemlji, na\u0161la u te\u0161koj finansijskoj situaciji, jer je odsustvom sistemskog re\u0161enja ostavljeno da se izdr\u017eava isklju\u010divo od prodaje lekova.<br \/>\n&#8211; Dr\u017eavne apoteke su se na\u0161le na tr\u017ei\u0161tu, bez mogu\u0107nosti da posluju kao privatne apoteke &#8211; isti\u010de Vu\u010devi\u0107. &#8211; Upravo zbog toga pokrenuli smo dijalog sa zaposlenima i sa dobavlja\u010dima lekova, koji su najve\u0107i poverioci, i pokazalo se da imamo dve mogu\u0107nosti &#8211; likvidaciju ili javno privatno partnerstvo. Da bi se na\u0161ao partner potrebno je, ipak, strpljenje radnika, jer ceo proces traje najmanje osam meseci.<\/p>\n<p><a href=\"http:\/\/www.novosti.rs\/vesti\/srbija.73.html:674054-Vucevic-Privatni-partner-ili-likvidacija-\" title=\"apoteka novi sad\">Novosti<\/a><\/p>\n<div id=\"fcbk_share\"><div class=\"fcbk_like\">\r\n\t\t\t\t\t\t\t\t\t\t\r\n\t\t\t\t\t\t\t\t\t\t<div id=\"fb-root\"><\/div>\r\n<script>(function(d, s, id) {\r\n  var js, fjs = d.getElementsByTagName(s)[0];\r\n  if (d.getElementById(id)) return;\r\n  js = d.createElement(s); js.id = id;\r\n  js.src = \"\/\/connect.facebook.net\/en_US\/sdk.js#xfbml=1&version=v2.5&appId=https:\/\/www.facebook.com\/farmaceuti\";\r\n  fjs.parentNode.insertBefore(js, fjs);\r\n}(document, \"script\", \"facebook-jssdk\"));<\/script>\r\n<div class=\"fb-like\" data-href=\"https:\/\/www.farmaceuti.com\/portal\/apoteke\/privatni-partner-ili-likvidacija-apoteke-novi-sad\/\" data-layout=\"button_count\" data-action=\"like\" data-show-faces=\"true\" data-share=\"false\"><\/div>\t\t\t\t\t\r\n\t\t\t\t\t\t\t\t\t<\/div><div class=\"fcbk_button\">\r\n\t\t\t\t\t\t\t<a href=\"https:\/\/twitter.com\/share\" class=\"twitter-share-button\" data-url=\"https:\/\/www.farmaceuti.com\/portal\/apoteke\/privatni-partner-ili-likvidacija-apoteke-novi-sad\/\" data-text=\"\" data-via=\"@farmaceuti\" data-size=\"\" data-count=\"\"><\/a>\r\n\t\t\t\t\t\t\t<script>!function(d,s,id){var js,fjs=d.getElementsByTagName(s)[0];if(!d.getElementById(id)){js=d.createElement(s);js.id=id;js.src=\"\/\/platform.twitter.com\/widgets.js\";fjs.parentNode.insertBefore(js,fjs);}}(document,\"script\",\"twitter-wjs\");<\/script>\r\n\t\t\t\t\t\t\t\t\t<\/div><div class=\"fcbk_button linkedin\">\r\n\t\t\t\t\t\t\t<script src=\"\/\/platform.linkedin.com\/in.js\" type=\"text\/javascript\"><\/script>\r\n<script type=\"IN\/Share\" data-url=\"https:\/\/www.farmaceuti.com\/portal\/apoteke\/privatni-partner-ili-likvidacija-apoteke-novi-sad\/\" data-counter=\"\"><\/script>\r\n\t\t\t\t\t\t\t\t\t<\/div><\/div>","protected":false},"excerpt":{"rendered":"<p>N. SUBOTI\u0106 | Gradona\u010delnik najavio izgledno re\u0161enje za budu\u0107i status &#8220;Apoteke Novi Sad&#8221;. Realno re\u0161enje javno partnerstvo. Farmaceuti zadovoljni NAGOMILANIM problemima u &#8220;Apoteci Novi Sad&#8221;, dr\u017eavnoj farmaceutskoj ustanovi, ipak se nazire kraj. Gradona\u010delnik Milo\u0161 Vu\u010devi\u0107 najavio je da je posle nekoliko stru\u010dnih sastanaka do\u0161lo do spasonosnog ishoda, a to je javno privatno partnerstvo, kojim bi [&hellip;]<\/p>\n","protected":false},"author":1,"featured_media":0,"comment_status":"open","ping_status":"open","sticky":true,"template":"","format":"standard","meta":{"footnotes":""},"categories":[33],"tags":[51,409,305,407,408,32],"class_list":["post-1182","post","type-post","status-publish","format-standard","hentry","category-apoteke","tag-apoteke-novi-sad","tag-drzavna-apoteke","tag-farmaceuti","tag-likvidacija","tag-partnerstvo","tag-privatne-apoteke"],"aioseo_notices":[],"_links":{"self":[{"href":"https:\/\/www.farmaceuti.com\/portal\/wp-json\/wp\/v2\/posts\/1182","targetHints":{"allow":["GET"]}}],"collection":[{"href":"https:\/\/www.farmaceuti.com\/portal\/wp-json\/wp\/v2\/posts"}],"about":[{"href":"https:\/\/www.farmaceuti.com\/portal\/wp-json\/wp\/v2\/types\/post"}],"author":[{"embeddable":true,"href":"https:\/\/www.farmaceuti.com\/portal\/wp-json\/wp\/v2\/users\/1"}],"replies":[{"embeddable":true,"href":"https:\/\/www.farmaceuti.com\/portal\/wp-json\/wp\/v2\/comments?post=1182"}],"version-history":[{"count":2,"href":"https:\/\/www.farmaceuti.com\/portal\/wp-json\/wp\/v2\/posts\/1182\/revisions"}],"predecessor-version":[{"id":1184,"href":"https:\/\/www.farmaceuti.com\/portal\/wp-json\/wp\/v2\/posts\/1182\/revisions\/1184"}],"wp:attachment":[{"href":"https:\/\/www.farmaceuti.com\/portal\/wp-json\/wp\/v2\/media?parent=1182"}],"wp:term":[{"taxonomy":"category","embeddable":true,"href":"https:\/\/www.farmaceuti.com\/portal\/wp-json\/wp\/v2\/categories?post=1182"},{"taxonomy":"post_tag","embeddable":true,"href":"https:\/\/www.farmaceuti.com\/portal\/wp-json\/wp\/v2\/tags?post=1182"}],"curies":[{"name":"wp","href":"https:\/\/api.w.org\/{rel}","templated":true}]}}