{"id":1186,"date":"2017-07-28T21:22:57","date_gmt":"2017-07-28T21:22:57","guid":{"rendered":"http:\/\/www.farmaceuti.com\/portal\/?p=1186"},"modified":"2017-07-28T21:22:57","modified_gmt":"2017-07-28T21:22:57","slug":"apoteka-sombor-se-gasi","status":"publish","type":"post","link":"https:\/\/www.farmaceuti.com\/portal\/uncategorized\/apoteka-sombor-se-gasi\/","title":{"rendered":"Apoteka Sombor se gasi?"},"content":{"rendered":"<div id=\"fcbk_share\"><div class=\"fcbk_like\">\r\n\t\t\t\t\t\t\t\t\t\t\r\n\t\t\t\t\t\t\t\t\t\t<div id=\"fb-root\"><\/div>\r\n<script>(function(d, s, id) {\r\n  var js, fjs = d.getElementsByTagName(s)[0];\r\n  if (d.getElementById(id)) return;\r\n  js = d.createElement(s); js.id = id;\r\n  js.src = \"\/\/connect.facebook.net\/en_US\/sdk.js#xfbml=1&version=v2.5&appId=https:\/\/www.facebook.com\/farmaceuti\";\r\n  fjs.parentNode.insertBefore(js, fjs);\r\n}(document, \"script\", \"facebook-jssdk\"));<\/script>\r\n<div class=\"fb-like\" data-href=\"https:\/\/www.farmaceuti.com\/portal\/uncategorized\/apoteka-sombor-se-gasi\/\" data-layout=\"button_count\" data-action=\"like\" data-show-faces=\"true\" data-share=\"false\"><\/div>\t\t\t\t\t\r\n\t\t\t\t\t\t\t\t\t<\/div><div class=\"fcbk_button\">\r\n\t\t\t\t\t\t\t<a href=\"https:\/\/twitter.com\/share\" class=\"twitter-share-button\" data-url=\"https:\/\/www.farmaceuti.com\/portal\/uncategorized\/apoteka-sombor-se-gasi\/\" data-text=\"\" data-via=\"@farmaceuti\" data-size=\"\" data-count=\"\"><\/a>\r\n\t\t\t\t\t\t\t<script>!function(d,s,id){var js,fjs=d.getElementsByTagName(s)[0];if(!d.getElementById(id)){js=d.createElement(s);js.id=id;js.src=\"\/\/platform.twitter.com\/widgets.js\";fjs.parentNode.insertBefore(js,fjs);}}(document,\"script\",\"twitter-wjs\");<\/script>\r\n\t\t\t\t\t\t\t\t\t<\/div><div class=\"fcbk_button linkedin\">\r\n\t\t\t\t\t\t\t<script src=\"\/\/platform.linkedin.com\/in.js\" type=\"text\/javascript\"><\/script>\r\n<script type=\"IN\/Share\" data-url=\"https:\/\/www.farmaceuti.com\/portal\/uncategorized\/apoteka-sombor-se-gasi\/\" data-counter=\"\"><\/script>\r\n\t\t\t\t\t\t\t\t\t<\/div><\/div><p>J. BEKI\u0106 |<br \/>\nSkup\u0161tina Sombora odlu\u010dila da ugasi dr\u017eavne apoteke. Zakupom na 15 godina \u017eele da re\u0161e ogromna dugovanja<br \/>\n<script async src=\"\/\/pagead2.googlesyndication.com\/pagead\/js\/adsbygoogle.js\"><\/script><br \/>\n<ins class=\"adsbygoogle\"\n     style=\"display:block; text-align:center;\"\n     data-ad-format=\"fluid\"\n     data-ad-layout=\"in-article\"\n     data-ad-client=\"ca-pub-4344597460708730\"\n     data-ad-slot=\"7037775556\"><\/ins><br \/>\n<script>\n     (adsbygoogle = window.adsbygoogle || []).push({});\n<\/script><br \/>\nODBORNICI Skup\u0161tine grada Sombora doneli su odluku da se apoteke u sastavu Apotekarske ustanove &#8220;Narodna apoteka&#8221; <strong>izdaju u zakup zbog gomilanja dugova<\/strong>. Tako \u0107e Somborci ubudu\u0107e lekove uzimati samo u privatnim apotekama. Apotekarska ustanova ima pet apoteka u Somboru i 15 u selima, i sve one \u0107e u paketu bite izdate u zakup. Novi zakupac bi\u0107e u obavezi da potpi\u0161e ugovor na 15 godina.<\/p>\n<p>Prema re\u010dima Save Doji\u0107a, \u010dlana Gradskog ve\u0107a za finansije, budu\u0107i zakupac mora u paketu da uzme sve apoteke. Osim toga, zakupac \u0107e morati i da zadr\u017ei sve zaposlene u ovoj ustanovi, njih 80, me\u0111u kojima je ve\u0107ina farmaceuta.<\/p>\n<p><a href=\"http:\/\/www.novosti.rs\/vesti\/srbija.73.html:676523-SOMBOR-GASI-DRZAVNE-APOTEKE-Po-lek-kod-privatnika\" title=\"apoteka sombor\">Novosti<\/a><\/p>\n<div id=\"fcbk_share\"><div class=\"fcbk_like\">\r\n\t\t\t\t\t\t\t\t\t\t\r\n\t\t\t\t\t\t\t\t\t\t<div id=\"fb-root\"><\/div>\r\n<script>(function(d, s, id) {\r\n  var js, fjs = d.getElementsByTagName(s)[0];\r\n  if (d.getElementById(id)) return;\r\n  js = d.createElement(s); js.id = id;\r\n  js.src = \"\/\/connect.facebook.net\/en_US\/sdk.js#xfbml=1&version=v2.5&appId=https:\/\/www.facebook.com\/farmaceuti\";\r\n  fjs.parentNode.insertBefore(js, fjs);\r\n}(document, \"script\", \"facebook-jssdk\"));<\/script>\r\n<div class=\"fb-like\" data-href=\"https:\/\/www.farmaceuti.com\/portal\/uncategorized\/apoteka-sombor-se-gasi\/\" data-layout=\"button_count\" data-action=\"like\" data-show-faces=\"true\" data-share=\"false\"><\/div>\t\t\t\t\t\r\n\t\t\t\t\t\t\t\t\t<\/div><div class=\"fcbk_button\">\r\n\t\t\t\t\t\t\t<a href=\"https:\/\/twitter.com\/share\" class=\"twitter-share-button\" data-url=\"https:\/\/www.farmaceuti.com\/portal\/uncategorized\/apoteka-sombor-se-gasi\/\" data-text=\"\" data-via=\"@farmaceuti\" data-size=\"\" data-count=\"\"><\/a>\r\n\t\t\t\t\t\t\t<script>!function(d,s,id){var js,fjs=d.getElementsByTagName(s)[0];if(!d.getElementById(id)){js=d.createElement(s);js.id=id;js.src=\"\/\/platform.twitter.com\/widgets.js\";fjs.parentNode.insertBefore(js,fjs);}}(document,\"script\",\"twitter-wjs\");<\/script>\r\n\t\t\t\t\t\t\t\t\t<\/div><div class=\"fcbk_button linkedin\">\r\n\t\t\t\t\t\t\t<script src=\"\/\/platform.linkedin.com\/in.js\" type=\"text\/javascript\"><\/script>\r\n<script type=\"IN\/Share\" data-url=\"https:\/\/www.farmaceuti.com\/portal\/uncategorized\/apoteka-sombor-se-gasi\/\" data-counter=\"\"><\/script>\r\n\t\t\t\t\t\t\t\t\t<\/div><\/div>","protected":false},"excerpt":{"rendered":"<p>J. BEKI\u0106 | Skup\u0161tina Sombora odlu\u010dila da ugasi dr\u017eavne apoteke. Zakupom na 15 godina \u017eele da re\u0161e ogromna dugovanja ODBORNICI Skup\u0161tine grada Sombora doneli su odluku da se apoteke u sastavu Apotekarske ustanove &#8220;Narodna apoteka&#8221; izdaju u zakup zbog gomilanja dugova. Tako \u0107e Somborci ubudu\u0107e lekove uzimati samo u privatnim apotekama. Apotekarska ustanova ima pet [&hellip;]<\/p>\n","protected":false},"author":1,"featured_media":0,"comment_status":"open","ping_status":"open","sticky":false,"template":"","format":"standard","meta":{"footnotes":""},"categories":[1],"tags":[410,357,411,32],"class_list":["post-1186","post","type-post","status-publish","format-standard","hentry","category-uncategorized","tag-apoteke-apoteka-sombor","tag-drzavne-apoteke","tag-narodna-apoteka","tag-privatne-apoteke"],"aioseo_notices":[],"_links":{"self":[{"href":"https:\/\/www.farmaceuti.com\/portal\/wp-json\/wp\/v2\/posts\/1186","targetHints":{"allow":["GET"]}}],"collection":[{"href":"https:\/\/www.farmaceuti.com\/portal\/wp-json\/wp\/v2\/posts"}],"about":[{"href":"https:\/\/www.farmaceuti.com\/portal\/wp-json\/wp\/v2\/types\/post"}],"author":[{"embeddable":true,"href":"https:\/\/www.farmaceuti.com\/portal\/wp-json\/wp\/v2\/users\/1"}],"replies":[{"embeddable":true,"href":"https:\/\/www.farmaceuti.com\/portal\/wp-json\/wp\/v2\/comments?post=1186"}],"version-history":[{"count":1,"href":"https:\/\/www.farmaceuti.com\/portal\/wp-json\/wp\/v2\/posts\/1186\/revisions"}],"predecessor-version":[{"id":1187,"href":"https:\/\/www.farmaceuti.com\/portal\/wp-json\/wp\/v2\/posts\/1186\/revisions\/1187"}],"wp:attachment":[{"href":"https:\/\/www.farmaceuti.com\/portal\/wp-json\/wp\/v2\/media?parent=1186"}],"wp:term":[{"taxonomy":"category","embeddable":true,"href":"https:\/\/www.farmaceuti.com\/portal\/wp-json\/wp\/v2\/categories?post=1186"},{"taxonomy":"post_tag","embeddable":true,"href":"https:\/\/www.farmaceuti.com\/portal\/wp-json\/wp\/v2\/tags?post=1186"}],"curies":[{"name":"wp","href":"https:\/\/api.w.org\/{rel}","templated":true}]}}