{"id":1213,"date":"2018-02-12T19:20:02","date_gmt":"2018-02-12T19:20:02","guid":{"rendered":"http:\/\/www.farmaceuti.com\/portal\/?p=1213"},"modified":"2019-05-06T18:02:08","modified_gmt":"2019-05-06T18:02:08","slug":"sela-ostala-bez-apoteke","status":"publish","type":"post","link":"https:\/\/www.farmaceuti.com\/portal\/apoteke\/sela-ostala-bez-apoteke\/","title":{"rendered":"Sela ostala bez apoteke"},"content":{"rendered":"<div id=\"fcbk_share\"><div class=\"fcbk_like\">\r\n\t\t\t\t\t\t\t\t\t\t\r\n\t\t\t\t\t\t\t\t\t\t<div id=\"fb-root\"><\/div>\r\n<script>(function(d, s, id) {\r\n  var js, fjs = d.getElementsByTagName(s)[0];\r\n  if (d.getElementById(id)) return;\r\n  js = d.createElement(s); js.id = id;\r\n  js.src = \"\/\/connect.facebook.net\/en_US\/sdk.js#xfbml=1&version=v2.5&appId=https:\/\/www.facebook.com\/farmaceuti\";\r\n  fjs.parentNode.insertBefore(js, fjs);\r\n}(document, \"script\", \"facebook-jssdk\"));<\/script>\r\n<div class=\"fb-like\" data-href=\"https:\/\/www.farmaceuti.com\/portal\/apoteke\/sela-ostala-bez-apoteke\/\" data-layout=\"button_count\" data-action=\"like\" data-show-faces=\"true\" data-share=\"false\"><\/div>\t\t\t\t\t\r\n\t\t\t\t\t\t\t\t\t<\/div><div class=\"fcbk_button\">\r\n\t\t\t\t\t\t\t<a href=\"https:\/\/twitter.com\/share\" class=\"twitter-share-button\" data-url=\"https:\/\/www.farmaceuti.com\/portal\/apoteke\/sela-ostala-bez-apoteke\/\" data-text=\"\" data-via=\"@farmaceuti\" data-size=\"\" data-count=\"\"><\/a>\r\n\t\t\t\t\t\t\t<script>!function(d,s,id){var js,fjs=d.getElementsByTagName(s)[0];if(!d.getElementById(id)){js=d.createElement(s);js.id=id;js.src=\"\/\/platform.twitter.com\/widgets.js\";fjs.parentNode.insertBefore(js,fjs);}}(document,\"script\",\"twitter-wjs\");<\/script>\r\n\t\t\t\t\t\t\t\t\t<\/div><div class=\"fcbk_button linkedin\">\r\n\t\t\t\t\t\t\t<script src=\"\/\/platform.linkedin.com\/in.js\" type=\"text\/javascript\"><\/script>\r\n<script type=\"IN\/Share\" data-url=\"https:\/\/www.farmaceuti.com\/portal\/apoteke\/sela-ostala-bez-apoteke\/\" data-counter=\"\"><\/script>\r\n\t\t\t\t\t\t\t\t\t<\/div><\/div><p>Sl. PA\u0160I\u0106 |<\/p>\n<p>Posle transformacije farmaceutske slu\u017ebe u Zrenjaninu. Zaposlenih manje za tre\u0107inu, spas tra\u017ee u partnerstvu.<\/p>\n<p>UMESTO sprovo\u0111enja koncepta &#8220;apoteka u svakom naseljenom mestu&#8221;, u pet sela zrenjaninske op\u0161tine stavljen je katanac na apoteke.<\/p>\n<p>\u017ditelji Aradca, Mihajlova, Kni\u0107anina, Farka\u017edina i Jankovog Mosta, od Nove godine bez mogu\u0107nosti su da do medikamenata do\u0111u u svom mestu, moraju da putuju u 20-30 kilometara udaljen Zrenjanin. Apoteka u Lukinom Selu nije ni otvorena, u Belom Blatu radi dva puta nedeljno, a ne zna se \u0161ta \u0107e biti s onima u \u010centi, Melencima i Boto\u0161u.<\/p>\n<p>Zatvaranje apoteka u selima nai\u0161lo je na burna reagovanja i proteste, odakle poru\u010duju da nisu gra\u0111ani drugog reda i da im je \u017eivot ve\u0107 dovoljno te\u017eak. Iz &#8220;Apotekarska ustanove Zrenjanin&#8221; odgovaraju da imaju svoje muke. Racionalizaciju moraju da sprovedu, a nastoje da to u\u010dine na \u0161to bezbolniji na\u010din. Za razliku od mnogih gradova, narasla privatna konkurencija nije ostavila tolike posledice na rad apotekarske slu\u017ebe u najve\u0107oj banatskoj op\u0161tini.<\/p>\n<p><a href=\"http:\/\/www.novosti.rs\/vesti\/srbija.73.html:710738-Sela-ostala-bez-apoteke\" title=\"selo\">novosti<\/a><\/p>\n<div id=\"fcbk_share\"><div class=\"fcbk_like\">\r\n\t\t\t\t\t\t\t\t\t\t\r\n\t\t\t\t\t\t\t\t\t\t<div id=\"fb-root\"><\/div>\r\n<script>(function(d, s, id) {\r\n  var js, fjs = d.getElementsByTagName(s)[0];\r\n  if (d.getElementById(id)) return;\r\n  js = d.createElement(s); js.id = id;\r\n  js.src = \"\/\/connect.facebook.net\/en_US\/sdk.js#xfbml=1&version=v2.5&appId=https:\/\/www.facebook.com\/farmaceuti\";\r\n  fjs.parentNode.insertBefore(js, fjs);\r\n}(document, \"script\", \"facebook-jssdk\"));<\/script>\r\n<div class=\"fb-like\" data-href=\"https:\/\/www.farmaceuti.com\/portal\/apoteke\/sela-ostala-bez-apoteke\/\" data-layout=\"button_count\" data-action=\"like\" data-show-faces=\"true\" data-share=\"false\"><\/div>\t\t\t\t\t\r\n\t\t\t\t\t\t\t\t\t<\/div><div class=\"fcbk_button\">\r\n\t\t\t\t\t\t\t<a href=\"https:\/\/twitter.com\/share\" class=\"twitter-share-button\" data-url=\"https:\/\/www.farmaceuti.com\/portal\/apoteke\/sela-ostala-bez-apoteke\/\" data-text=\"\" data-via=\"@farmaceuti\" data-size=\"\" data-count=\"\"><\/a>\r\n\t\t\t\t\t\t\t<script>!function(d,s,id){var js,fjs=d.getElementsByTagName(s)[0];if(!d.getElementById(id)){js=d.createElement(s);js.id=id;js.src=\"\/\/platform.twitter.com\/widgets.js\";fjs.parentNode.insertBefore(js,fjs);}}(document,\"script\",\"twitter-wjs\");<\/script>\r\n\t\t\t\t\t\t\t\t\t<\/div><div class=\"fcbk_button linkedin\">\r\n\t\t\t\t\t\t\t<script src=\"\/\/platform.linkedin.com\/in.js\" type=\"text\/javascript\"><\/script>\r\n<script type=\"IN\/Share\" data-url=\"https:\/\/www.farmaceuti.com\/portal\/apoteke\/sela-ostala-bez-apoteke\/\" data-counter=\"\"><\/script>\r\n\t\t\t\t\t\t\t\t\t<\/div><\/div>","protected":false},"excerpt":{"rendered":"<p>Sl. PA\u0160I\u0106 | Posle transformacije farmaceutske slu\u017ebe u Zrenjaninu. Zaposlenih manje za tre\u0107inu, spas tra\u017ee u partnerstvu. UMESTO sprovo\u0111enja koncepta &#8220;apoteka u svakom naseljenom mestu&#8221;, u pet sela zrenjaninske op\u0161tine stavljen je katanac na apoteke. \u017ditelji Aradca, Mihajlova, Kni\u0107anina, Farka\u017edina i Jankovog Mosta, od Nove godine bez mogu\u0107nosti su da do medikamenata do\u0111u u svom [&hellip;]<\/p>\n","protected":false},"author":1,"featured_media":0,"comment_status":"open","ping_status":"open","sticky":false,"template":"","format":"standard","meta":{"footnotes":""},"categories":[33],"tags":[11,424,425],"class_list":["post-1213","post","type-post","status-publish","format-standard","hentry","category-apoteke","tag-apoteke","tag-zatvaranje","tag-zrenjanin"],"aioseo_notices":[],"_links":{"self":[{"href":"https:\/\/www.farmaceuti.com\/portal\/wp-json\/wp\/v2\/posts\/1213","targetHints":{"allow":["GET"]}}],"collection":[{"href":"https:\/\/www.farmaceuti.com\/portal\/wp-json\/wp\/v2\/posts"}],"about":[{"href":"https:\/\/www.farmaceuti.com\/portal\/wp-json\/wp\/v2\/types\/post"}],"author":[{"embeddable":true,"href":"https:\/\/www.farmaceuti.com\/portal\/wp-json\/wp\/v2\/users\/1"}],"replies":[{"embeddable":true,"href":"https:\/\/www.farmaceuti.com\/portal\/wp-json\/wp\/v2\/comments?post=1213"}],"version-history":[{"count":2,"href":"https:\/\/www.farmaceuti.com\/portal\/wp-json\/wp\/v2\/posts\/1213\/revisions"}],"predecessor-version":[{"id":1254,"href":"https:\/\/www.farmaceuti.com\/portal\/wp-json\/wp\/v2\/posts\/1213\/revisions\/1254"}],"wp:attachment":[{"href":"https:\/\/www.farmaceuti.com\/portal\/wp-json\/wp\/v2\/media?parent=1213"}],"wp:term":[{"taxonomy":"category","embeddable":true,"href":"https:\/\/www.farmaceuti.com\/portal\/wp-json\/wp\/v2\/categories?post=1213"},{"taxonomy":"post_tag","embeddable":true,"href":"https:\/\/www.farmaceuti.com\/portal\/wp-json\/wp\/v2\/tags?post=1213"}],"curies":[{"name":"wp","href":"https:\/\/api.w.org\/{rel}","templated":true}]}}