{"id":1316,"date":"2021-01-10T14:59:40","date_gmt":"2021-01-10T14:59:40","guid":{"rendered":"http:\/\/www.farmaceuti.com\/portal\/?p=1316"},"modified":"2021-01-10T15:28:10","modified_gmt":"2021-01-10T15:28:10","slug":"zaposlenima-u-apoteci-subotica-najavljeni-ugovori-o-radu-na-tri-meseca","status":"publish","type":"post","link":"https:\/\/www.farmaceuti.com\/portal\/uncategorized\/zaposlenima-u-apoteci-subotica-najavljeni-ugovori-o-radu-na-tri-meseca\/","title":{"rendered":"Apoteka Subotica &#8211; najavljeni kraci ugovori o radu"},"content":{"rendered":"<div id=\"fcbk_share\"><div class=\"fcbk_like\">\r\n\t\t\t\t\t\t\t\t\t\t\r\n\t\t\t\t\t\t\t\t\t\t<div id=\"fb-root\"><\/div>\r\n<script>(function(d, s, id) {\r\n  var js, fjs = d.getElementsByTagName(s)[0];\r\n  if (d.getElementById(id)) return;\r\n  js = d.createElement(s); js.id = id;\r\n  js.src = \"\/\/connect.facebook.net\/en_US\/sdk.js#xfbml=1&version=v2.5&appId=https:\/\/www.facebook.com\/farmaceuti\";\r\n  fjs.parentNode.insertBefore(js, fjs);\r\n}(document, \"script\", \"facebook-jssdk\"));<\/script>\r\n<div class=\"fb-like\" data-href=\"https:\/\/www.farmaceuti.com\/portal\/uncategorized\/zaposlenima-u-apoteci-subotica-najavljeni-ugovori-o-radu-na-tri-meseca\/\" data-layout=\"button_count\" data-action=\"like\" data-show-faces=\"true\" data-share=\"false\"><\/div>\t\t\t\t\t\r\n\t\t\t\t\t\t\t\t\t<\/div><div class=\"fcbk_button\">\r\n\t\t\t\t\t\t\t<a href=\"https:\/\/twitter.com\/share\" class=\"twitter-share-button\" data-url=\"https:\/\/www.farmaceuti.com\/portal\/uncategorized\/zaposlenima-u-apoteci-subotica-najavljeni-ugovori-o-radu-na-tri-meseca\/\" data-text=\"\" data-via=\"@farmaceuti\" data-size=\"\" data-count=\"\"><\/a>\r\n\t\t\t\t\t\t\t<script>!function(d,s,id){var js,fjs=d.getElementsByTagName(s)[0];if(!d.getElementById(id)){js=d.createElement(s);js.id=id;js.src=\"\/\/platform.twitter.com\/widgets.js\";fjs.parentNode.insertBefore(js,fjs);}}(document,\"script\",\"twitter-wjs\");<\/script>\r\n\t\t\t\t\t\t\t\t\t<\/div><div class=\"fcbk_button linkedin\">\r\n\t\t\t\t\t\t\t<script src=\"\/\/platform.linkedin.com\/in.js\" type=\"text\/javascript\"><\/script>\r\n<script type=\"IN\/Share\" data-url=\"https:\/\/www.farmaceuti.com\/portal\/uncategorized\/zaposlenima-u-apoteci-subotica-najavljeni-ugovori-o-radu-na-tri-meseca\/\" data-counter=\"\"><\/script>\r\n\t\t\t\t\t\t\t\t\t<\/div><\/div>\n<p>IZVOR:\u00a0SUBOTICKE.RS<\/p>\n\n\n\n<p>Vlasnik Galen farma Veljko D\u017eeletovi\u0107 poru\u010dio da u njegovoj kompaniji ne postoji mogu\u0107nost osnivanja sindikata. Predstavnici sindikata Apoteke Subotica nisu imali uvid u potpisani ugovor o zakupu apoteka. <\/p>\n\n\n\n<p>U ponedeljak je u Novoj op\u0161tini odr\u017ean prvi sastanak poslovodstva kompanije Galen farm sa zaposlenima u Apoteci Subotica.<\/p>\n\n\n\n<p>Galen farm je, podsetimo, ugovorom potpisanim 29. decembra pro\u0161le godine zakupio suboti\u010dke apoteke. <strong>Vlasnik Galen farma, Veljko D\u017eeletovi\u0107, poru\u010dio je tom prilikom zaposlenima u Apoteci Subotica, koje njegova kompanija treba da preuzme, da ne\u0107e imati mogu\u0107nost sindikalnog organizovanja<\/strong>. Od ukupno 72, Galen farm bi kao zakupac trebalo da preuzme 62 radnika Apoteka Subotica.<\/p>\n\n\n\n<p>&#8220;Na sastanku nije vo\u0111en zapisnik, razumeli smo da je to neka vrsta uvodnog sastanka. Izlaganja na sastanku nisu bila najkonciznija. Pominjali su da \u0107e nam biti ponu\u0111eni ugovori o radu najpre na tri, a potom na \u0161est meseci. Nama to nije zvu\u010dalo sjajno, a porazno je zvu\u010dalo ljudima koji su u Apoteci Subotica veoma dugo ili su, uop\u0161te uzev\u0161i, iza njih dve ili tri decenije radnog sta\u017ea. Ipak, ostalo je na tome da \u0107e sa zaposlenima biti odr\u017eani pojedina\u010dni sastanci, a re\u010deno je i da \u0107e zarade, koje budu dogovorene, biti stroga poslovna tajna&#8221;, ka\u017ee izvor portala Suboti\u010dke.rs iz Apoteke Subotica koji je prisustvovao pomenutom sastanku.<\/p>\n\n\n\n<p><code><a href=\"https:\/\/www.b92.net\/lokal\/subotica\/ekonomija-zaposlenima-u-apoteci-subotica-najavljeni-ugovori-o-radu-na-tri-meseca-1792452<\/code>\" title=\"subotica\">nastavak<\/a><\/code><\/p>\n<div id=\"fcbk_share\"><div class=\"fcbk_like\">\r\n\t\t\t\t\t\t\t\t\t\t\r\n\t\t\t\t\t\t\t\t\t\t<div id=\"fb-root\"><\/div>\r\n<script>(function(d, s, id) {\r\n  var js, fjs = d.getElementsByTagName(s)[0];\r\n  if (d.getElementById(id)) return;\r\n  js = d.createElement(s); js.id = id;\r\n  js.src = \"\/\/connect.facebook.net\/en_US\/sdk.js#xfbml=1&version=v2.5&appId=https:\/\/www.facebook.com\/farmaceuti\";\r\n  fjs.parentNode.insertBefore(js, fjs);\r\n}(document, \"script\", \"facebook-jssdk\"));<\/script>\r\n<div class=\"fb-like\" data-href=\"https:\/\/www.farmaceuti.com\/portal\/uncategorized\/zaposlenima-u-apoteci-subotica-najavljeni-ugovori-o-radu-na-tri-meseca\/\" data-layout=\"button_count\" data-action=\"like\" data-show-faces=\"true\" data-share=\"false\"><\/div>\t\t\t\t\t\r\n\t\t\t\t\t\t\t\t\t<\/div><div class=\"fcbk_button\">\r\n\t\t\t\t\t\t\t<a href=\"https:\/\/twitter.com\/share\" class=\"twitter-share-button\" data-url=\"https:\/\/www.farmaceuti.com\/portal\/uncategorized\/zaposlenima-u-apoteci-subotica-najavljeni-ugovori-o-radu-na-tri-meseca\/\" data-text=\"\" data-via=\"@farmaceuti\" data-size=\"\" data-count=\"\"><\/a>\r\n\t\t\t\t\t\t\t<script>!function(d,s,id){var js,fjs=d.getElementsByTagName(s)[0];if(!d.getElementById(id)){js=d.createElement(s);js.id=id;js.src=\"\/\/platform.twitter.com\/widgets.js\";fjs.parentNode.insertBefore(js,fjs);}}(document,\"script\",\"twitter-wjs\");<\/script>\r\n\t\t\t\t\t\t\t\t\t<\/div><div class=\"fcbk_button linkedin\">\r\n\t\t\t\t\t\t\t<script src=\"\/\/platform.linkedin.com\/in.js\" type=\"text\/javascript\"><\/script>\r\n<script type=\"IN\/Share\" data-url=\"https:\/\/www.farmaceuti.com\/portal\/uncategorized\/zaposlenima-u-apoteci-subotica-najavljeni-ugovori-o-radu-na-tri-meseca\/\" data-counter=\"\"><\/script>\r\n\t\t\t\t\t\t\t\t\t<\/div><\/div>","protected":false},"excerpt":{"rendered":"<p>IZVOR:\u00a0SUBOTICKE.RS Vlasnik Galen farma Veljko D\u017eeletovi\u0107 poru\u010dio da u njegovoj kompaniji ne postoji mogu\u0107nost osnivanja sindikata. Predstavnici sindikata Apoteke Subotica nisu imali uvid u potpisani ugovor o zakupu apoteka. U ponedeljak je u Novoj op\u0161tini odr\u017ean prvi sastanak poslovodstva kompanije Galen farm sa zaposlenima u Apoteci Subotica. Galen farm je, podsetimo, ugovorom potpisanim 29. decembra [&hellip;]<\/p>\n","protected":false},"author":1,"featured_media":0,"comment_status":"open","ping_status":"open","sticky":false,"template":"","format":"standard","meta":{"footnotes":""},"categories":[1],"tags":[],"class_list":["post-1316","post","type-post","status-publish","format-standard","hentry","category-uncategorized"],"aioseo_notices":[],"_links":{"self":[{"href":"https:\/\/www.farmaceuti.com\/portal\/wp-json\/wp\/v2\/posts\/1316","targetHints":{"allow":["GET"]}}],"collection":[{"href":"https:\/\/www.farmaceuti.com\/portal\/wp-json\/wp\/v2\/posts"}],"about":[{"href":"https:\/\/www.farmaceuti.com\/portal\/wp-json\/wp\/v2\/types\/post"}],"author":[{"embeddable":true,"href":"https:\/\/www.farmaceuti.com\/portal\/wp-json\/wp\/v2\/users\/1"}],"replies":[{"embeddable":true,"href":"https:\/\/www.farmaceuti.com\/portal\/wp-json\/wp\/v2\/comments?post=1316"}],"version-history":[{"count":9,"href":"https:\/\/www.farmaceuti.com\/portal\/wp-json\/wp\/v2\/posts\/1316\/revisions"}],"predecessor-version":[{"id":1331,"href":"https:\/\/www.farmaceuti.com\/portal\/wp-json\/wp\/v2\/posts\/1316\/revisions\/1331"}],"wp:attachment":[{"href":"https:\/\/www.farmaceuti.com\/portal\/wp-json\/wp\/v2\/media?parent=1316"}],"wp:term":[{"taxonomy":"category","embeddable":true,"href":"https:\/\/www.farmaceuti.com\/portal\/wp-json\/wp\/v2\/categories?post=1316"},{"taxonomy":"post_tag","embeddable":true,"href":"https:\/\/www.farmaceuti.com\/portal\/wp-json\/wp\/v2\/tags?post=1316"}],"curies":[{"name":"wp","href":"https:\/\/api.w.org\/{rel}","templated":true}]}}