{"id":1363,"date":"2021-11-24T19:11:33","date_gmt":"2021-11-24T19:11:33","guid":{"rendered":"https:\/\/www.farmaceuti.com\/portal\/?p=1363"},"modified":"2021-11-24T19:16:03","modified_gmt":"2021-11-24T19:16:03","slug":"potrosnja-antibiotika-u-srbiji-porasla-za-20-odsto","status":"publish","type":"post","link":"https:\/\/www.farmaceuti.com\/portal\/uncategorized\/potrosnja-antibiotika-u-srbiji-porasla-za-20-odsto\/","title":{"rendered":"Potro\u0161nja antibiotika u Srbiji porasla za 20 odsto"},"content":{"rendered":"<div id=\"fcbk_share\"><div class=\"fcbk_like\">\r\n\t\t\t\t\t\t\t\t\t\t\r\n\t\t\t\t\t\t\t\t\t\t<div id=\"fb-root\"><\/div>\r\n<script>(function(d, s, id) {\r\n  var js, fjs = d.getElementsByTagName(s)[0];\r\n  if (d.getElementById(id)) return;\r\n  js = d.createElement(s); js.id = id;\r\n  js.src = \"\/\/connect.facebook.net\/en_US\/sdk.js#xfbml=1&version=v2.5&appId=https:\/\/www.facebook.com\/farmaceuti\";\r\n  fjs.parentNode.insertBefore(js, fjs);\r\n}(document, \"script\", \"facebook-jssdk\"));<\/script>\r\n<div class=\"fb-like\" data-href=\"https:\/\/www.farmaceuti.com\/portal\/uncategorized\/potrosnja-antibiotika-u-srbiji-porasla-za-20-odsto\/\" data-layout=\"button_count\" data-action=\"like\" data-show-faces=\"true\" data-share=\"false\"><\/div>\t\t\t\t\t\r\n\t\t\t\t\t\t\t\t\t<\/div><div class=\"fcbk_button\">\r\n\t\t\t\t\t\t\t<a href=\"https:\/\/twitter.com\/share\" class=\"twitter-share-button\" data-url=\"https:\/\/www.farmaceuti.com\/portal\/uncategorized\/potrosnja-antibiotika-u-srbiji-porasla-za-20-odsto\/\" data-text=\"\" data-via=\"@farmaceuti\" data-size=\"\" data-count=\"\"><\/a>\r\n\t\t\t\t\t\t\t<script>!function(d,s,id){var js,fjs=d.getElementsByTagName(s)[0];if(!d.getElementById(id)){js=d.createElement(s);js.id=id;js.src=\"\/\/platform.twitter.com\/widgets.js\";fjs.parentNode.insertBefore(js,fjs);}}(document,\"script\",\"twitter-wjs\");<\/script>\r\n\t\t\t\t\t\t\t\t\t<\/div><div class=\"fcbk_button linkedin\">\r\n\t\t\t\t\t\t\t<script src=\"\/\/platform.linkedin.com\/in.js\" type=\"text\/javascript\"><\/script>\r\n<script type=\"IN\/Share\" data-url=\"https:\/\/www.farmaceuti.com\/portal\/uncategorized\/potrosnja-antibiotika-u-srbiji-porasla-za-20-odsto\/\" data-counter=\"\"><\/script>\r\n\t\t\t\t\t\t\t\t\t<\/div><\/div>\n<p>U slu\u010daju kovida 19 ovi lekovi su opravdani samo za pacijente koji se le\u010de u jedinicama intenzivne nege, ali je njihova upotreba neopravdana kada ih zara\u017eeni uzimaju preventivnoPotro\u0161nja antibiotika u Srbiji tokom 2020. godine porasla je za \u010ditavih 20 odsto u odnosu na prethodnu godinu. To je alarmantan podatak na koji su ju\u010de ukazali lekari, jer je poznato da neracionalna i nepravilna upotreba antibiotika dovodi do razvoja otpornosti bakterija na ovu vrstu lekova i predstavlja jedan od najve\u0107ih izazova u javnom zdravstvu 21. veka.<\/p>\n\n\n\n<p>Kako je upozorila epidemiolog prof. dr Vesna Mioljevi\u0107 iz Univerzitetskog klini\u010dkog centra Srbije, neracionalna i nepravilna upotreba antibiotika direktno uzrokuje porast broja bakterija rezistentnih na antibiotike, a efikasnost antibiotika u le\u010denju infekcija smanjuje se brzinom koja se nije mogla predvideti.<\/p>\n\n\n\n<p>\u2013 Ako se trend porasta otpornosti na antibiotike nastavi i ako se ne budemo pridr\u017eavali preporuka o pravilnoj upotrebi antibiotika, \u010ditav svet mo\u017ee u\u0107i u razdoblje koje je prethodilo otkri\u0107u ovih lekova, gde \u0107e le\u010denje infekcija, posebno kod kriti\u010dno obolelih pacijenata, predstavljati nere\u0161iv problem za lekare klini\u010dare \u2013 rekla je epidemiolog prof. dr Vesna Mioljevi\u0107.<\/p>\n\n\n\n<p><a href=\"https:\/\/www.politika.rs\/sr\/clanak\/492594\/Potrosnja-antibiotika-u-Srbiji-porasla-za-20-odsto\" target=\"_blank\" title=\"potrosnja\" rel=\"noopener\">nastavak<\/a><\/p>\n<div id=\"fcbk_share\"><div class=\"fcbk_like\">\r\n\t\t\t\t\t\t\t\t\t\t\r\n\t\t\t\t\t\t\t\t\t\t<div id=\"fb-root\"><\/div>\r\n<script>(function(d, s, id) {\r\n  var js, fjs = d.getElementsByTagName(s)[0];\r\n  if (d.getElementById(id)) return;\r\n  js = d.createElement(s); js.id = id;\r\n  js.src = \"\/\/connect.facebook.net\/en_US\/sdk.js#xfbml=1&version=v2.5&appId=https:\/\/www.facebook.com\/farmaceuti\";\r\n  fjs.parentNode.insertBefore(js, fjs);\r\n}(document, \"script\", \"facebook-jssdk\"));<\/script>\r\n<div class=\"fb-like\" data-href=\"https:\/\/www.farmaceuti.com\/portal\/uncategorized\/potrosnja-antibiotika-u-srbiji-porasla-za-20-odsto\/\" data-layout=\"button_count\" data-action=\"like\" data-show-faces=\"true\" data-share=\"false\"><\/div>\t\t\t\t\t\r\n\t\t\t\t\t\t\t\t\t<\/div><div class=\"fcbk_button\">\r\n\t\t\t\t\t\t\t<a href=\"https:\/\/twitter.com\/share\" class=\"twitter-share-button\" data-url=\"https:\/\/www.farmaceuti.com\/portal\/uncategorized\/potrosnja-antibiotika-u-srbiji-porasla-za-20-odsto\/\" data-text=\"\" data-via=\"@farmaceuti\" data-size=\"\" data-count=\"\"><\/a>\r\n\t\t\t\t\t\t\t<script>!function(d,s,id){var js,fjs=d.getElementsByTagName(s)[0];if(!d.getElementById(id)){js=d.createElement(s);js.id=id;js.src=\"\/\/platform.twitter.com\/widgets.js\";fjs.parentNode.insertBefore(js,fjs);}}(document,\"script\",\"twitter-wjs\");<\/script>\r\n\t\t\t\t\t\t\t\t\t<\/div><div class=\"fcbk_button linkedin\">\r\n\t\t\t\t\t\t\t<script src=\"\/\/platform.linkedin.com\/in.js\" type=\"text\/javascript\"><\/script>\r\n<script type=\"IN\/Share\" data-url=\"https:\/\/www.farmaceuti.com\/portal\/uncategorized\/potrosnja-antibiotika-u-srbiji-porasla-za-20-odsto\/\" data-counter=\"\"><\/script>\r\n\t\t\t\t\t\t\t\t\t<\/div><\/div>","protected":false},"excerpt":{"rendered":"<p>U slu\u010daju kovida 19 ovi lekovi su opravdani samo za pacijente koji se le\u010de u jedinicama intenzivne nege, ali je njihova upotreba neopravdana kada ih zara\u017eeni uzimaju preventivnoPotro\u0161nja antibiotika u Srbiji tokom 2020. godine porasla je za \u010ditavih 20 odsto u odnosu na prethodnu godinu. To je alarmantan podatak na koji su ju\u010de ukazali lekari, [&hellip;]<\/p>\n","protected":false},"author":1,"featured_media":0,"comment_status":"open","ping_status":"open","sticky":true,"template":"","format":"standard","meta":{"footnotes":""},"categories":[1],"tags":[475,297,474,476,451],"class_list":["post-1363","post","type-post","status-publish","format-standard","hentry","category-uncategorized","tag-antibiotika","tag-infekcija","tag-kovid-19","tag-lecenje","tag-potrosnja"],"aioseo_notices":[],"_links":{"self":[{"href":"https:\/\/www.farmaceuti.com\/portal\/wp-json\/wp\/v2\/posts\/1363","targetHints":{"allow":["GET"]}}],"collection":[{"href":"https:\/\/www.farmaceuti.com\/portal\/wp-json\/wp\/v2\/posts"}],"about":[{"href":"https:\/\/www.farmaceuti.com\/portal\/wp-json\/wp\/v2\/types\/post"}],"author":[{"embeddable":true,"href":"https:\/\/www.farmaceuti.com\/portal\/wp-json\/wp\/v2\/users\/1"}],"replies":[{"embeddable":true,"href":"https:\/\/www.farmaceuti.com\/portal\/wp-json\/wp\/v2\/comments?post=1363"}],"version-history":[{"count":3,"href":"https:\/\/www.farmaceuti.com\/portal\/wp-json\/wp\/v2\/posts\/1363\/revisions"}],"predecessor-version":[{"id":1368,"href":"https:\/\/www.farmaceuti.com\/portal\/wp-json\/wp\/v2\/posts\/1363\/revisions\/1368"}],"wp:attachment":[{"href":"https:\/\/www.farmaceuti.com\/portal\/wp-json\/wp\/v2\/media?parent=1363"}],"wp:term":[{"taxonomy":"category","embeddable":true,"href":"https:\/\/www.farmaceuti.com\/portal\/wp-json\/wp\/v2\/categories?post=1363"},{"taxonomy":"post_tag","embeddable":true,"href":"https:\/\/www.farmaceuti.com\/portal\/wp-json\/wp\/v2\/tags?post=1363"}],"curies":[{"name":"wp","href":"https:\/\/api.w.org\/{rel}","templated":true}]}}